{"id":4516,"date":"2023-08-01T02:51:23","date_gmt":"2023-08-01T09:51:23","guid":{"rendered":"http:\/\/klingerdirndl.com\/index.php\/2023\/08\/01\/dirndl-trends-2023\/"},"modified":"2023-10-13T02:43:29","modified_gmt":"2023-10-13T09:43:29","slug":"dirndl-trends-2023","status":"publish","type":"post","link":"https:\/\/klingerdirndl.com\/index.php\/2023\/08\/01\/dirndl-trends-2023\/","title":{"rendered":"DIRNDL TRENDS 2023"},"content":{"rendered":"<p>Endlich ist es wieder soweit &#8211; die Trachtenzeit ist da und mit ihr die Vorfreude auf die ersten Fr\u00fchlingsfeste und die Wiesn! Damit der Trachtenlook gelingt, haben wir die sch\u00f6nsten Dirndl Trends des Jahres f\u00fcr Sie zusammengestellt.<\/p>\n<div class=\"cms-element-banner-component-desktop-titles\">\n<h3>DIRNDL TREND SOMMERFARBEN<\/h3>\n<\/div>\n<div class=\"cms-element-banner-component-desktop-text\">\n<p>Fr\u00f6hliche Sommerfarben wie Lavender, Magenta oder Gelb sind dieses Fr\u00fchjahr in den Kollektionen der Dirndl-Brands allgegenw\u00e4rtig. Meist werden Dirndl und Sch\u00fcrze dabei aus der gleichen Farbfamilie gew\u00e4hlt. F\u00fcr diejenigen, die den Ton-in-Ton-Look in den intensiven Sommerfarben als zu gewagt empfinden, bietet sich eine elegante Alternative: Eine Sch\u00fcrze in neutralen Nuancen wie Beige oder Offwhite. Diese dezenten Sch\u00fcrzenfarben passen hervorragend zu den trendigen Sommerfarben und setzen einen harmonischen Kontrast.<\/p>\n<p>\u00a0<\/p>\n<div class=\"cms-element-banner-component-desktop-left\"><img decoding=\"async\" src=\"http:\/\/e101302.ryty.tk\/wp-content\/uploads\/2023\/10\/40938_1024x1024.jpg?v=1690885523\" alt=\"\"><\/div>\n<div class=\"cms-element-banner-component-desktop-right\">\n<div class=\"cms-element-banner-component-desktop-titles\">\n<h3>DIRNDL TREND MONOCHROM-LOOKS<\/h3>\n<\/div>\n<div class=\"cms-element-banner-component-desktop-text\">\n<p>Eint\u00f6nig muss nicht langweilig sein! Auch in diesem Jahr sind einfarbige Looks wieder im Trend. Dabei sind die Ton-in-Ton-Looks sowohl in gedeckten Naturt\u00f6nen wie Beige oder Khaki als auch in leuchtenden Farben angesagt. Einfarbige Looks bieten eine wunderbare M\u00f6glichkeit, verschiedene Materialien und Texturen in den Fokus zu r\u00fccken. So entsteht ein moderner Trachtenlook, der zugleich schlicht und stilvoll ist. Das Beste: Dieser Trachten Trend wird auch in den kommenden Jahren angesagt bleiben.<\/p>\n<\/div>\n<\/div>\n<\/div>\n<p><img decoding=\"async\" src=\"http:\/\/e101302.ryty.tk\/wp-content\/uploads\/2023\/10\/40785_1024x1024.jpg?v=1690885570\" alt=\"\"><\/p>\n","protected":false},"excerpt":{"rendered":"<p>Endlich ist es wieder soweit &#8211; die Trachtenzeit ist da und mit ihr die Vorfreude auf die ersten Fr\u00fchlingsfeste und die Wiesn! Damit der Trachtenlook gelingt, haben wir die sch\u00f6nsten Dirndl Trends des Jahres f\u00fcr Sie zusammengestellt. DIRNDL TREND SOMMERFARBEN Fr\u00f6hliche Sommerfarben wie Lavender, Magenta oder Gelb sind dieses Fr\u00fchjahr in den Kollektionen der Dirndl-Brands &hellip;<\/p>\n<p class=\"read-more\"> <a class=\"\" href=\"https:\/\/klingerdirndl.com\/index.php\/2023\/08\/01\/dirndl-trends-2023\/\"> <span class=\"screen-reader-text\">DIRNDL TRENDS 2023<\/span> Read More \u00bb<\/a><\/p>\n","protected":false},"author":0,"featured_media":4518,"comment_status":"closed","ping_status":"open","sticky":false,"template":"","format":"standard","meta":{"site-sidebar-layout":"default","site-content-layout":"","ast-site-content-layout":"","site-content-style":"default","site-sidebar-style":"default","ast-global-header-display":"","ast-banner-title-visibility":"","ast-main-header-display":"","ast-hfb-above-header-display":"","ast-hfb-below-header-display":"","ast-hfb-mobile-header-display":"","site-post-title":"","ast-breadcrumbs-content":"","ast-featured-img":"","footer-sml-layout":"","theme-transparent-header-meta":"","adv-header-id-meta":"","stick-header-meta":"","header-above-stick-meta":"","header-main-stick-meta":"","header-below-stick-meta":"","astra-migrate-meta-layouts":"","ast-page-background-enabled":"default","ast-page-background-meta":{"desktop":{"background-color":"var(--ast-global-color-4)","background-image":"","background-repeat":"repeat","background-position":"center center","background-size":"auto","background-attachment":"scroll","background-type":"","background-media":"","overlay-type":"","overlay-color":"","overlay-gradient":""},"tablet":{"background-color":"","background-image":"","background-repeat":"repeat","background-position":"center center","background-size":"auto","background-attachment":"scroll","background-type":"","background-media":"","overlay-type":"","overlay-color":"","overlay-gradient":""},"mobile":{"background-color":"","background-image":"","background-repeat":"repeat","background-position":"center center","background-size":"auto","background-attachment":"scroll","background-type":"","background-media":"","overlay-type":"","overlay-color":"","overlay-gradient":""}},"ast-content-background-meta":{"desktop":{"background-color":"var(--ast-global-color-5)","background-image":"","background-repeat":"repeat","background-position":"center center","background-size":"auto","background-attachment":"scroll","background-type":"","background-media":"","overlay-type":"","overlay-color":"","overlay-gradient":""},"tablet":{"background-color":"var(--ast-global-color-5)","background-image":"","background-repeat":"repeat","background-position":"center center","background-size":"auto","background-attachment":"scroll","background-type":"","background-media":"","overlay-type":"","overlay-color":"","overlay-gradient":""},"mobile":{"background-color":"var(--ast-global-color-5)","background-image":"","background-repeat":"repeat","background-position":"center center","background-size":"auto","background-attachment":"scroll","background-type":"","background-media":"","overlay-type":"","overlay-color":"","overlay-gradient":""}},"footnotes":""},"categories":[299],"tags":[],"class_list":["post-4516","post","type-post","status-publish","format-standard","has-post-thumbnail","hentry","category-news"],"acf":[],"_links":{"self":[{"href":"https:\/\/klingerdirndl.com\/index.php\/wp-json\/wp\/v2\/posts\/4516","targetHints":{"allow":["GET"]}}],"collection":[{"href":"https:\/\/klingerdirndl.com\/index.php\/wp-json\/wp\/v2\/posts"}],"about":[{"href":"https:\/\/klingerdirndl.com\/index.php\/wp-json\/wp\/v2\/types\/post"}],"replies":[{"embeddable":true,"href":"https:\/\/klingerdirndl.com\/index.php\/wp-json\/wp\/v2\/comments?post=4516"}],"version-history":[{"count":2,"href":"https:\/\/klingerdirndl.com\/index.php\/wp-json\/wp\/v2\/posts\/4516\/revisions"}],"predecessor-version":[{"id":4522,"href":"https:\/\/klingerdirndl.com\/index.php\/wp-json\/wp\/v2\/posts\/4516\/revisions\/4522"}],"wp:featuredmedia":[{"embeddable":true,"href":"https:\/\/klingerdirndl.com\/index.php\/wp-json\/wp\/v2\/media\/4518"}],"wp:attachment":[{"href":"https:\/\/klingerdirndl.com\/index.php\/wp-json\/wp\/v2\/media?parent=4516"}],"wp:term":[{"taxonomy":"category","embeddable":true,"href":"https:\/\/klingerdirndl.com\/index.php\/wp-json\/wp\/v2\/categories?post=4516"},{"taxonomy":"post_tag","embeddable":true,"href":"https:\/\/klingerdirndl.com\/index.php\/wp-json\/wp\/v2\/tags?post=4516"}],"curies":[{"name":"wp","href":"https:\/\/api.w.org\/{rel}","templated":true}]}}